{"id":188,"date":"2024-05-31T16:57:37","date_gmt":"2024-05-31T14:57:37","guid":{"rendered":"https:\/\/www.belfor.com\/se\/?p=188"},"modified":"2024-06-12T13:08:47","modified_gmt":"2024-06-12T11:08:47","slug":"medarbetarintervju-med-lucas-isacksson","status":"publish","type":"post","link":"https:\/\/www.belfor.com\/se\/sv\/resources\/medarbetarintervju-med-lucas-isacksson\/","title":{"rendered":"Medarbetarintervju med Lucas Isacksson"},"content":{"rendered":"\n<figure class=\"wp-block-image size-large\"><img loading=\"lazy\" decoding=\"async\" width=\"1024\" height=\"576\" src=\"https:\/\/www.belfor.com\/se\/wp-content\/uploads\/sites\/13\/2024\/06\/lucas_isacksson_2-1024x576.jpg\" alt=\"\" class=\"wp-image-264\" srcset=\"https:\/\/www.belfor.com\/se\/wp-content\/uploads\/sites\/13\/2024\/06\/lucas_isacksson_2-1024x576.jpg 1024w, https:\/\/www.belfor.com\/se\/wp-content\/uploads\/sites\/13\/2024\/06\/lucas_isacksson_2-300x169.jpg 300w, https:\/\/www.belfor.com\/se\/wp-content\/uploads\/sites\/13\/2024\/06\/lucas_isacksson_2-768x432.jpg 768w, https:\/\/www.belfor.com\/se\/wp-content\/uploads\/sites\/13\/2024\/06\/lucas_isacksson_2-500x281.jpg 500w, https:\/\/www.belfor.com\/se\/wp-content\/uploads\/sites\/13\/2024\/06\/lucas_isacksson_2-200x113.jpg 200w, https:\/\/www.belfor.com\/se\/wp-content\/uploads\/sites\/13\/2024\/06\/lucas_isacksson_2.jpg 1920w\" sizes=\"auto, (max-width: 1024px) 100vw, 1024px\" \/><\/figure>\n\n\n\n<p><strong>Vad h\u00e4rligt att du kunde slita dig en stund fr\u00e5n dina p\u00e5g\u00e5ende projekt Lucas, jag f\u00f6rst\u00e5r att det \u00e4r stort behov av din kompetens?&nbsp;<\/strong><br><\/p>\n\n\n\n<ul class=\"wp-block-list\">\n<li>Ja, det \u00e4r ett stort behov och v\u00e4ldigt sp\u00e4nnande fr\u00e5gest\u00e4llningar som jag f\u00e5r ta itu med, vilket \u00e4r b\u00e5de roligt och utmanande. Det \u00e4r intressant att se hur ett tidigt agerande kan g\u00f6ra s\u00e5 stor skillnad p\u00e5 slutresultatet.&nbsp;<br><\/li>\n<\/ul>\n\n\n\n<p>Det \u00e4r idag full fokus p\u00e5 milj\u00f6- och energieffektivisering, s\u00e5 det jag hj\u00e4lper kunderna med dagligen k\u00e4nns h\u00f6gaktuellt och v\u00e4rdefullt.&nbsp;<br><\/p>\n\n\n\n<p>Jag har de senaste \u00e5ren arbetat inom ett annat konsultf\u00f6retag som erbjuder tj\u00e4nster inom fr\u00e4mst fukt, energi och milj\u00f6. Lucas har under flertalet projekt tr\u00e4ffat p\u00e5 Fredrik Herrmann som \u00e4r Aff\u00e4rsomr\u00e5deschef f\u00f6r Fuktkonsult och Dipl. Fuktsakkunnig h\u00e4r p\u00e5 BELFOR och ber\u00e4ttar att de alltid har haft en bra dialog och gott snack.&nbsp;<br><\/p>\n\n\n\n<p>\u201dDet Fredrik ber\u00e4ttade k\u00e4ndes som en v\u00e4ldigt sp\u00e4nnande resa och det var en sj\u00e4lvklarhet f\u00f6r mig att hoppa p\u00e5 t\u00e5get\u201d<br><\/p>\n\n\n\n<p><strong>Vad g\u00f6r du och vad \u00e4r din officiella titel?<\/strong>&nbsp;<br><\/p>\n\n\n\n<ul class=\"wp-block-list\">\n<li>Jag \u00e4r Diplomerad Luftt\u00e4thetsprovare och Diplomerad RBK-konsult. Jag hj\u00e4lper allts\u00e5 till s\u00e5 att kunderna p\u00e5 ett korrekt s\u00e4tt, via r\u00e5dgivning och kvalitativa m\u00e4tmetoder, uppfyller de kravst\u00e4llningar f\u00f6r projekten och att byggnaderna skall vara friska s\u00e5 att det inte skall uppst\u00e5 problem med fukt l\u00e4ngre fram. &nbsp;<br><\/li>\n<\/ul>\n\n\n\n<p><strong>St\u00f6rsta utmaningarna i vardagen?&nbsp;<\/strong><br><\/p>\n\n\n\n<ul class=\"wp-block-list\">\n<li>De st\u00f6rsta utmaningarna, i alla fall f\u00f6r ett tag sedan, har varit att kunderna ska f\u00f6rst\u00e5 problematiken om de f\u00f6rbiser arbete och insatser i ett tidigt skede. Nu k\u00e4nns det som att fler och fler blir mer medvetna och vill att det ska bli r\u00e4tt \u00e4ven p\u00e5 l\u00e5ng sikt, f\u00f6r s\u00e5v\u00e4l milj\u00f6ns skull och \u00e4ven ekonomiskt s\u00e5klart \u2013 f\u00f6r att slippa tr\u00e5kiga konsekvenser som det kan f\u00f6ra med sig om vi uppt\u00e4cker n\u00e5gon l\u00e4cka eller felkonstruktion.&nbsp;<br><\/li>\n<\/ul>\n\n\n\n<p><strong>Vad \u00e4r det mest givande med din yrkesroll?&nbsp;<\/strong><br><\/p>\n\n\n\n<ul class=\"wp-block-list\">\n<li>Jag trivs v\u00e4ldigt bra med att hj\u00e4lpa kunderna komma p\u00e5 r\u00e4tt v\u00e4g, f\u00e5 f\u00f6rtroendet att ber\u00e4tta n\u00e5got som de kanske inte hade n\u00e5gon koll p\u00e5 innan och att f\u00e5 utmana mig sj\u00e4lv varje dag kring sv\u00e5ra fr\u00e5gest\u00e4llningar. Det viktigaste och roligaste \u00e4r v\u00e4gen till en probleml\u00f6sning och att ge ett v\u00e4rde till v\u00e5ra best\u00e4llare som anlitar oss. Ut\u00f6ver ovan s\u00e5 \u00e4r det sj\u00e4lvklart \u00e4ven intresset inom fukt och teknik.&nbsp;<br><\/li>\n<\/ul>\n\n\n\n<p><strong>Har du n\u00e5got du vill dela med dig av som kan vara roligt att veta om dig?<\/strong>&nbsp;<br><\/p>\n\n\n\n<ul class=\"wp-block-list\">\n<li>Jag \u00e4r uppvuxen i Askim och bor i en l\u00e4genhet i Nya Hov\u00e5s med min flickv\u00e4n och sedan en kort tid tillbaka, \u00e4ven med v\u00e5r hamster Kerstin. Tjejen ville ha en hund men jag str\u00e4ckte mig till en hamster s\u00e5 f\u00e5r vi se hur v\u00e4l vi kan ta hand om den h\u00e4r lilla krabaten. Var sak har sin tid och just nu \u00e4r det full fart p\u00e5 n\u00e4tterna, f\u00f6r Kerstin d\u00e5 allts\u00e5.&nbsp;<br><\/li>\n<\/ul>\n\n\n\n<p>Tack s\u00e5 mycket f\u00f6r ett riktigt trevligt och roligt samtal med dig Lucas, det kommer att bli succ\u00e9 med dig hos oss p\u00e5 BELFOR! L\u00e4s mer om v\u00e5ra tj\u00e4nster inom fukt h\u00e4r; Fuktkonsult | BELFOR<\/p>\n","protected":false},"excerpt":{"rendered":"<p>Vad h\u00e4rligt att du kunde slita dig en stund fr\u00e5n dina p\u00e5g\u00e5ende projekt Lucas, jag f\u00f6rst\u00e5r att det \u00e4r stort behov av din kompetens?&nbsp; Det \u00e4r idag full fokus p\u00e5 milj\u00f6- och energieffektivisering, s\u00e5 det jag hj\u00e4lper kunderna med dagligen k\u00e4nns h\u00f6gaktuellt och v\u00e4rdefullt.&nbsp; Jag har de senaste \u00e5ren arbetat inom ett annat konsultf\u00f6retag som&#8230;<\/p>\n","protected":false},"author":9,"featured_media":266,"comment_status":"closed","ping_status":"closed","sticky":false,"template":"","format":"standard","meta":{"_acf_changed":false,"inline_featured_image":false,"footnotes":""},"categories":[1],"tags":[],"class_list":["post-188","post","type-post","status-publish","format-standard","has-post-thumbnail","hentry","category-nyheter"],"acf":[],"yoast_head":"<!-- This site is optimized with the Yoast SEO plugin v27.4 - https:\/\/yoast.com\/product\/yoast-seo-wordpress\/ -->\n<title>Medarbetarintervju med Lucas Isacksson - BELFOR Sweden<\/title>\n<meta name=\"robots\" content=\"index, follow, max-snippet:-1, max-image-preview:large, max-video-preview:-1\" \/>\n<link rel=\"canonical\" href=\"https:\/\/www.belfor.com\/se\/sv\/resources\/medarbetarintervju-med-lucas-isacksson\/\" \/>\n<meta property=\"og:locale\" content=\"sv_SE\" \/>\n<meta property=\"og:type\" content=\"article\" \/>\n<meta property=\"og:title\" content=\"Medarbetarintervju med Lucas Isacksson - BELFOR Sweden\" \/>\n<meta property=\"og:description\" content=\"Vad h\u00e4rligt att du kunde slita dig en stund fr\u00e5n dina p\u00e5g\u00e5ende projekt Lucas, jag f\u00f6rst\u00e5r att det \u00e4r stort behov av din kompetens?&nbsp; Det \u00e4r idag full fokus p\u00e5 milj\u00f6- och energieffektivisering, s\u00e5 det jag hj\u00e4lper kunderna med dagligen k\u00e4nns h\u00f6gaktuellt och v\u00e4rdefullt.&nbsp; Jag har de senaste \u00e5ren arbetat inom ett annat konsultf\u00f6retag som...\" \/>\n<meta property=\"og:url\" content=\"https:\/\/www.belfor.com\/se\/sv\/resources\/medarbetarintervju-med-lucas-isacksson\/\" \/>\n<meta property=\"og:site_name\" content=\"BELFOR Sweden\" \/>\n<meta property=\"article:published_time\" content=\"2024-05-31T14:57:37+00:00\" \/>\n<meta property=\"article:modified_time\" content=\"2024-06-12T11:08:47+00:00\" \/>\n<meta property=\"og:image\" content=\"https:\/\/www.belfor.com\/se\/wp-content\/uploads\/sites\/13\/2024\/06\/lucas_isacksson_2-1.jpg\" \/>\n\t<meta property=\"og:image:width\" content=\"1920\" \/>\n\t<meta property=\"og:image:height\" content=\"1080\" \/>\n\t<meta property=\"og:image:type\" content=\"image\/jpeg\" \/>\n<meta name=\"author\" content=\"Medina\" \/>\n<meta name=\"twitter:card\" content=\"summary_large_image\" \/>\n<meta name=\"twitter:label1\" content=\"Written by\" \/>\n\t<meta name=\"twitter:data1\" content=\"Medina\" \/>\n\t<meta name=\"twitter:label2\" content=\"Est. reading time\" \/>\n\t<meta name=\"twitter:data2\" content=\"3 minutes\" \/>\n<script type=\"application\/ld+json\" class=\"yoast-schema-graph\">{\"@context\":\"https:\\\/\\\/schema.org\",\"@graph\":[{\"@type\":\"Article\",\"@id\":\"https:\\\/\\\/www.belfor.com\\\/se\\\/sv\\\/resources\\\/medarbetarintervju-med-lucas-isacksson\\\/#article\",\"isPartOf\":{\"@id\":\"https:\\\/\\\/www.belfor.com\\\/se\\\/sv\\\/resources\\\/medarbetarintervju-med-lucas-isacksson\\\/\"},\"author\":{\"name\":\"Medina\",\"@id\":\"https:\\\/\\\/www.belfor.com\\\/se\\\/sv\\\/#\\\/schema\\\/person\\\/29cc8f6ed2b0f2b97bfa33cb6b8341d6\"},\"headline\":\"Medarbetarintervju med Lucas Isacksson\",\"datePublished\":\"2024-05-31T14:57:37+00:00\",\"dateModified\":\"2024-06-12T11:08:47+00:00\",\"mainEntityOfPage\":{\"@id\":\"https:\\\/\\\/www.belfor.com\\\/se\\\/sv\\\/resources\\\/medarbetarintervju-med-lucas-isacksson\\\/\"},\"wordCount\":600,\"image\":{\"@id\":\"https:\\\/\\\/www.belfor.com\\\/se\\\/sv\\\/resources\\\/medarbetarintervju-med-lucas-isacksson\\\/#primaryimage\"},\"thumbnailUrl\":\"https:\\\/\\\/www.belfor.com\\\/se\\\/wp-content\\\/uploads\\\/sites\\\/13\\\/2024\\\/06\\\/lucas_isacksson_2-1.jpg\",\"articleSection\":[\"Nyheter\"],\"inLanguage\":\"sv-SE\"},{\"@type\":\"WebPage\",\"@id\":\"https:\\\/\\\/www.belfor.com\\\/se\\\/sv\\\/resources\\\/medarbetarintervju-med-lucas-isacksson\\\/\",\"url\":\"https:\\\/\\\/www.belfor.com\\\/se\\\/sv\\\/resources\\\/medarbetarintervju-med-lucas-isacksson\\\/\",\"name\":\"Medarbetarintervju med Lucas Isacksson - BELFOR Sweden\",\"isPartOf\":{\"@id\":\"https:\\\/\\\/www.belfor.com\\\/se\\\/sv\\\/#website\"},\"primaryImageOfPage\":{\"@id\":\"https:\\\/\\\/www.belfor.com\\\/se\\\/sv\\\/resources\\\/medarbetarintervju-med-lucas-isacksson\\\/#primaryimage\"},\"image\":{\"@id\":\"https:\\\/\\\/www.belfor.com\\\/se\\\/sv\\\/resources\\\/medarbetarintervju-med-lucas-isacksson\\\/#primaryimage\"},\"thumbnailUrl\":\"https:\\\/\\\/www.belfor.com\\\/se\\\/wp-content\\\/uploads\\\/sites\\\/13\\\/2024\\\/06\\\/lucas_isacksson_2-1.jpg\",\"datePublished\":\"2024-05-31T14:57:37+00:00\",\"dateModified\":\"2024-06-12T11:08:47+00:00\",\"author\":{\"@id\":\"https:\\\/\\\/www.belfor.com\\\/se\\\/sv\\\/#\\\/schema\\\/person\\\/29cc8f6ed2b0f2b97bfa33cb6b8341d6\"},\"breadcrumb\":{\"@id\":\"https:\\\/\\\/www.belfor.com\\\/se\\\/sv\\\/resources\\\/medarbetarintervju-med-lucas-isacksson\\\/#breadcrumb\"},\"inLanguage\":\"sv-SE\",\"potentialAction\":[{\"@type\":\"ReadAction\",\"target\":[\"https:\\\/\\\/www.belfor.com\\\/se\\\/sv\\\/resources\\\/medarbetarintervju-med-lucas-isacksson\\\/\"]}]},{\"@type\":\"ImageObject\",\"inLanguage\":\"sv-SE\",\"@id\":\"https:\\\/\\\/www.belfor.com\\\/se\\\/sv\\\/resources\\\/medarbetarintervju-med-lucas-isacksson\\\/#primaryimage\",\"url\":\"https:\\\/\\\/www.belfor.com\\\/se\\\/wp-content\\\/uploads\\\/sites\\\/13\\\/2024\\\/06\\\/lucas_isacksson_2-1.jpg\",\"contentUrl\":\"https:\\\/\\\/www.belfor.com\\\/se\\\/wp-content\\\/uploads\\\/sites\\\/13\\\/2024\\\/06\\\/lucas_isacksson_2-1.jpg\",\"width\":1920,\"height\":1080,\"caption\":\"Ny medarbetare framf\u00f6r gr\u00e5 v\u00e4gg och v\u00e4xt\"},{\"@type\":\"BreadcrumbList\",\"@id\":\"https:\\\/\\\/www.belfor.com\\\/se\\\/sv\\\/resources\\\/medarbetarintervju-med-lucas-isacksson\\\/#breadcrumb\",\"itemListElement\":[{\"@type\":\"ListItem\",\"position\":1,\"name\":\"Home\",\"item\":\"https:\\\/\\\/www.belfor.com\\\/se\\\/sv\\\/\"},{\"@type\":\"ListItem\",\"position\":2,\"name\":\"Medarbetarintervju med Lucas Isacksson\"}]},{\"@type\":\"WebSite\",\"@id\":\"https:\\\/\\\/www.belfor.com\\\/se\\\/sv\\\/#website\",\"url\":\"https:\\\/\\\/www.belfor.com\\\/se\\\/sv\\\/\",\"name\":\"BELFOR Sweden\",\"description\":\"\",\"potentialAction\":[{\"@type\":\"SearchAction\",\"target\":{\"@type\":\"EntryPoint\",\"urlTemplate\":\"https:\\\/\\\/www.belfor.com\\\/se\\\/sv\\\/?s={search_term_string}\"},\"query-input\":{\"@type\":\"PropertyValueSpecification\",\"valueRequired\":true,\"valueName\":\"search_term_string\"}}],\"inLanguage\":\"sv-SE\"},{\"@type\":\"Person\",\"@id\":\"https:\\\/\\\/www.belfor.com\\\/se\\\/sv\\\/#\\\/schema\\\/person\\\/29cc8f6ed2b0f2b97bfa33cb6b8341d6\",\"name\":\"Medina\",\"image\":{\"@type\":\"ImageObject\",\"inLanguage\":\"sv-SE\",\"@id\":\"https:\\\/\\\/secure.gravatar.com\\\/avatar\\\/9115388ba5457658f9a4bc89a3608d51fa438514f234453b331a3a9104596c73?s=96&d=mm&r=g\",\"url\":\"https:\\\/\\\/secure.gravatar.com\\\/avatar\\\/9115388ba5457658f9a4bc89a3608d51fa438514f234453b331a3a9104596c73?s=96&d=mm&r=g\",\"contentUrl\":\"https:\\\/\\\/secure.gravatar.com\\\/avatar\\\/9115388ba5457658f9a4bc89a3608d51fa438514f234453b331a3a9104596c73?s=96&d=mm&r=g\",\"caption\":\"Medina\"},\"url\":\"https:\\\/\\\/www.belfor.com\\\/se\\\/sv\\\/resources\\\/author\\\/medina\\\/\"}]}<\/script>\n<!-- \/ Yoast SEO plugin. -->","yoast_head_json":{"title":"Medarbetarintervju med Lucas Isacksson - BELFOR Sweden","robots":{"index":"index","follow":"follow","max-snippet":"max-snippet:-1","max-image-preview":"max-image-preview:large","max-video-preview":"max-video-preview:-1"},"canonical":"https:\/\/www.belfor.com\/se\/sv\/resources\/medarbetarintervju-med-lucas-isacksson\/","og_locale":"sv_SE","og_type":"article","og_title":"Medarbetarintervju med Lucas Isacksson - BELFOR Sweden","og_description":"Vad h\u00e4rligt att du kunde slita dig en stund fr\u00e5n dina p\u00e5g\u00e5ende projekt Lucas, jag f\u00f6rst\u00e5r att det \u00e4r stort behov av din kompetens?&nbsp; Det \u00e4r idag full fokus p\u00e5 milj\u00f6- och energieffektivisering, s\u00e5 det jag hj\u00e4lper kunderna med dagligen k\u00e4nns h\u00f6gaktuellt och v\u00e4rdefullt.&nbsp; Jag har de senaste \u00e5ren arbetat inom ett annat konsultf\u00f6retag som...","og_url":"https:\/\/www.belfor.com\/se\/sv\/resources\/medarbetarintervju-med-lucas-isacksson\/","og_site_name":"BELFOR Sweden","article_published_time":"2024-05-31T14:57:37+00:00","article_modified_time":"2024-06-12T11:08:47+00:00","og_image":[{"width":1920,"height":1080,"url":"https:\/\/www.belfor.com\/se\/wp-content\/uploads\/sites\/13\/2024\/06\/lucas_isacksson_2-1.jpg","type":"image\/jpeg"}],"author":"Medina","twitter_card":"summary_large_image","twitter_misc":{"Written by":"Medina","Est. reading time":"3 minutes"},"schema":{"@context":"https:\/\/schema.org","@graph":[{"@type":"Article","@id":"https:\/\/www.belfor.com\/se\/sv\/resources\/medarbetarintervju-med-lucas-isacksson\/#article","isPartOf":{"@id":"https:\/\/www.belfor.com\/se\/sv\/resources\/medarbetarintervju-med-lucas-isacksson\/"},"author":{"name":"Medina","@id":"https:\/\/www.belfor.com\/se\/sv\/#\/schema\/person\/29cc8f6ed2b0f2b97bfa33cb6b8341d6"},"headline":"Medarbetarintervju med Lucas Isacksson","datePublished":"2024-05-31T14:57:37+00:00","dateModified":"2024-06-12T11:08:47+00:00","mainEntityOfPage":{"@id":"https:\/\/www.belfor.com\/se\/sv\/resources\/medarbetarintervju-med-lucas-isacksson\/"},"wordCount":600,"image":{"@id":"https:\/\/www.belfor.com\/se\/sv\/resources\/medarbetarintervju-med-lucas-isacksson\/#primaryimage"},"thumbnailUrl":"https:\/\/www.belfor.com\/se\/wp-content\/uploads\/sites\/13\/2024\/06\/lucas_isacksson_2-1.jpg","articleSection":["Nyheter"],"inLanguage":"sv-SE"},{"@type":"WebPage","@id":"https:\/\/www.belfor.com\/se\/sv\/resources\/medarbetarintervju-med-lucas-isacksson\/","url":"https:\/\/www.belfor.com\/se\/sv\/resources\/medarbetarintervju-med-lucas-isacksson\/","name":"Medarbetarintervju med Lucas Isacksson - BELFOR Sweden","isPartOf":{"@id":"https:\/\/www.belfor.com\/se\/sv\/#website"},"primaryImageOfPage":{"@id":"https:\/\/www.belfor.com\/se\/sv\/resources\/medarbetarintervju-med-lucas-isacksson\/#primaryimage"},"image":{"@id":"https:\/\/www.belfor.com\/se\/sv\/resources\/medarbetarintervju-med-lucas-isacksson\/#primaryimage"},"thumbnailUrl":"https:\/\/www.belfor.com\/se\/wp-content\/uploads\/sites\/13\/2024\/06\/lucas_isacksson_2-1.jpg","datePublished":"2024-05-31T14:57:37+00:00","dateModified":"2024-06-12T11:08:47+00:00","author":{"@id":"https:\/\/www.belfor.com\/se\/sv\/#\/schema\/person\/29cc8f6ed2b0f2b97bfa33cb6b8341d6"},"breadcrumb":{"@id":"https:\/\/www.belfor.com\/se\/sv\/resources\/medarbetarintervju-med-lucas-isacksson\/#breadcrumb"},"inLanguage":"sv-SE","potentialAction":[{"@type":"ReadAction","target":["https:\/\/www.belfor.com\/se\/sv\/resources\/medarbetarintervju-med-lucas-isacksson\/"]}]},{"@type":"ImageObject","inLanguage":"sv-SE","@id":"https:\/\/www.belfor.com\/se\/sv\/resources\/medarbetarintervju-med-lucas-isacksson\/#primaryimage","url":"https:\/\/www.belfor.com\/se\/wp-content\/uploads\/sites\/13\/2024\/06\/lucas_isacksson_2-1.jpg","contentUrl":"https:\/\/www.belfor.com\/se\/wp-content\/uploads\/sites\/13\/2024\/06\/lucas_isacksson_2-1.jpg","width":1920,"height":1080,"caption":"Ny medarbetare framf\u00f6r gr\u00e5 v\u00e4gg och v\u00e4xt"},{"@type":"BreadcrumbList","@id":"https:\/\/www.belfor.com\/se\/sv\/resources\/medarbetarintervju-med-lucas-isacksson\/#breadcrumb","itemListElement":[{"@type":"ListItem","position":1,"name":"Home","item":"https:\/\/www.belfor.com\/se\/sv\/"},{"@type":"ListItem","position":2,"name":"Medarbetarintervju med Lucas Isacksson"}]},{"@type":"WebSite","@id":"https:\/\/www.belfor.com\/se\/sv\/#website","url":"https:\/\/www.belfor.com\/se\/sv\/","name":"BELFOR Sweden","description":"","potentialAction":[{"@type":"SearchAction","target":{"@type":"EntryPoint","urlTemplate":"https:\/\/www.belfor.com\/se\/sv\/?s={search_term_string}"},"query-input":{"@type":"PropertyValueSpecification","valueRequired":true,"valueName":"search_term_string"}}],"inLanguage":"sv-SE"},{"@type":"Person","@id":"https:\/\/www.belfor.com\/se\/sv\/#\/schema\/person\/29cc8f6ed2b0f2b97bfa33cb6b8341d6","name":"Medina","image":{"@type":"ImageObject","inLanguage":"sv-SE","@id":"https:\/\/secure.gravatar.com\/avatar\/9115388ba5457658f9a4bc89a3608d51fa438514f234453b331a3a9104596c73?s=96&d=mm&r=g","url":"https:\/\/secure.gravatar.com\/avatar\/9115388ba5457658f9a4bc89a3608d51fa438514f234453b331a3a9104596c73?s=96&d=mm&r=g","contentUrl":"https:\/\/secure.gravatar.com\/avatar\/9115388ba5457658f9a4bc89a3608d51fa438514f234453b331a3a9104596c73?s=96&d=mm&r=g","caption":"Medina"},"url":"https:\/\/www.belfor.com\/se\/sv\/resources\/author\/medina\/"}]}},"_links":{"self":[{"href":"https:\/\/www.belfor.com\/se\/sv\/wp-json\/wp\/v2\/posts\/188","targetHints":{"allow":["GET"]}}],"collection":[{"href":"https:\/\/www.belfor.com\/se\/sv\/wp-json\/wp\/v2\/posts"}],"about":[{"href":"https:\/\/www.belfor.com\/se\/sv\/wp-json\/wp\/v2\/types\/post"}],"author":[{"embeddable":true,"href":"https:\/\/www.belfor.com\/se\/sv\/wp-json\/wp\/v2\/users\/9"}],"replies":[{"embeddable":true,"href":"https:\/\/www.belfor.com\/se\/sv\/wp-json\/wp\/v2\/comments?post=188"}],"version-history":[{"count":2,"href":"https:\/\/www.belfor.com\/se\/sv\/wp-json\/wp\/v2\/posts\/188\/revisions"}],"predecessor-version":[{"id":268,"href":"https:\/\/www.belfor.com\/se\/sv\/wp-json\/wp\/v2\/posts\/188\/revisions\/268"}],"wp:featuredmedia":[{"embeddable":true,"href":"https:\/\/www.belfor.com\/se\/sv\/wp-json\/wp\/v2\/media\/266"}],"wp:attachment":[{"href":"https:\/\/www.belfor.com\/se\/sv\/wp-json\/wp\/v2\/media?parent=188"}],"wp:term":[{"taxonomy":"category","embeddable":true,"href":"https:\/\/www.belfor.com\/se\/sv\/wp-json\/wp\/v2\/categories?post=188"},{"taxonomy":"post_tag","embeddable":true,"href":"https:\/\/www.belfor.com\/se\/sv\/wp-json\/wp\/v2\/tags?post=188"}],"curies":[{"name":"wp","href":"https:\/\/api.w.org\/{rel}","templated":true}]}}