{"id":1298,"date":"2026-04-03T11:13:32","date_gmt":"2026-04-03T09:13:32","guid":{"rendered":"https:\/\/www.belfor.com\/fr\/?p=1298"},"modified":"2026-04-03T12:20:13","modified_gmt":"2026-04-03T10:20:13","slug":"journee-dintegration","status":"publish","type":"post","link":"https:\/\/www.belfor.com\/fr\/fr\/resources\/journee-dintegration\/","title":{"rendered":"[JOURNEE D\u2019INTEGRATION]"},"content":{"rendered":"\n<p> \ud83c\udf89Nos journ\u00e9es d\u2019int\u00e9gration reprennent pour 2026 avec une premi\u00e8re session r\u00e9ussie !<\/p>\n\n\n\n<p>Les nouvelles recrues de BELFOR sont venues pour un d\u00eener et une journ\u00e9e au si\u00e8ge afin de :\ud83d\udd18 Comprendre au mieux notre m\u00e9tier et les services associ\u00e9s<\/p>\n\n\n\n<p>\ud83d\udd18 Faire des ateliers d\u00e9couvertes qui retracent nos services et donc apprendre les techniques associ\u00e9es<\/p>\n\n\n\n<p>\ud83d\udd18Voir le si\u00e8ge et apprendre \u00e0 mieux se conna\u00eetreMerci \u00e0 tous les intervenants BELFOR et \u00e0 la toute nouvelle organisation pour cette journ\u00e9e d\u2019int\u00e9gration.<\/p>\n\n\n\n<p>Merci aux nouveaux collaborateurs pour leur venue et leur int\u00e9r\u00eat.<\/p>\n\n\n\n<p><\/p>\n","protected":false},"excerpt":{"rendered":"<p>\ud83c\udf89Nos journ\u00e9es d\u2019int\u00e9gration reprennent pour 2026 avec une premi\u00e8re session r\u00e9ussie ! Les nouvelles recrues de BELFOR sont venues pour un d\u00eener et une journ\u00e9e au si\u00e8ge afin de :\ud83d\udd18 Comprendre au mieux notre m\u00e9tier et les services associ\u00e9s \ud83d\udd18 Faire des ateliers d\u00e9couvertes qui retracent nos services et donc apprendre les techniques associ\u00e9es \ud83d\udd18Voir&#8230;<\/p>\n","protected":false},"author":38,"featured_media":1301,"comment_status":"closed","ping_status":"closed","sticky":false,"template":"","format":"standard","meta":{"_acf_changed":false,"inline_featured_image":false,"footnotes":""},"categories":[1],"tags":[],"class_list":["post-1298","post","type-post","status-publish","format-standard","has-post-thumbnail","hentry","category-actualites"],"acf":[],"yoast_head":"<!-- This site is optimized with the Yoast SEO plugin v27.4 - https:\/\/yoast.com\/product\/yoast-seo-wordpress\/ -->\n<title>[JOURNEE D\u2019INTEGRATION] - BELFOR France<\/title>\n<meta name=\"robots\" content=\"index, follow, max-snippet:-1, max-image-preview:large, max-video-preview:-1\" \/>\n<link rel=\"canonical\" href=\"https:\/\/www.belfor.com\/fr\/fr\/resources\/journee-dintegration\/\" \/>\n<meta property=\"og:locale\" content=\"fr_FR\" \/>\n<meta property=\"og:type\" content=\"article\" \/>\n<meta property=\"og:title\" content=\"[JOURNEE D\u2019INTEGRATION] - BELFOR France\" \/>\n<meta property=\"og:description\" content=\"\ud83c\udf89Nos journ\u00e9es d\u2019int\u00e9gration reprennent pour 2026 avec une premi\u00e8re session r\u00e9ussie ! Les nouvelles recrues de BELFOR sont venues pour un d\u00eener et une journ\u00e9e au si\u00e8ge afin de :\ud83d\udd18 Comprendre au mieux notre m\u00e9tier et les services associ\u00e9s \ud83d\udd18 Faire des ateliers d\u00e9couvertes qui retracent nos services et donc apprendre les techniques associ\u00e9es \ud83d\udd18Voir...\" \/>\n<meta property=\"og:url\" content=\"https:\/\/www.belfor.com\/fr\/fr\/resources\/journee-dintegration\/\" \/>\n<meta property=\"og:site_name\" content=\"BELFOR France\" \/>\n<meta property=\"article:published_time\" content=\"2026-04-03T09:13:32+00:00\" \/>\n<meta property=\"article:modified_time\" content=\"2026-04-03T10:20:13+00:00\" \/>\n<meta property=\"og:image\" content=\"https:\/\/www.belfor.com\/fr\/wp-content\/uploads\/sites\/6\/2026\/04\/1772024829649.jpg\" \/>\n\t<meta property=\"og:image:width\" content=\"800\" \/>\n\t<meta property=\"og:image:height\" content=\"800\" \/>\n\t<meta property=\"og:image:type\" content=\"image\/jpeg\" \/>\n<meta name=\"author\" content=\"anais\" \/>\n<meta name=\"twitter:card\" content=\"summary_large_image\" \/>\n<meta name=\"twitter:label1\" content=\"Written by\" \/>\n\t<meta name=\"twitter:data1\" content=\"anais\" \/>\n\t<meta name=\"twitter:label2\" content=\"Est. reading time\" \/>\n\t<meta name=\"twitter:data2\" content=\"1 minute\" \/>\n<script type=\"application\/ld+json\" class=\"yoast-schema-graph\">{\"@context\":\"https:\\\/\\\/schema.org\",\"@graph\":[{\"@type\":\"Article\",\"@id\":\"https:\\\/\\\/www.belfor.com\\\/fr\\\/fr\\\/resources\\\/journee-dintegration\\\/#article\",\"isPartOf\":{\"@id\":\"https:\\\/\\\/www.belfor.com\\\/fr\\\/fr\\\/resources\\\/journee-dintegration\\\/\"},\"author\":{\"name\":\"anais\",\"@id\":\"https:\\\/\\\/www.belfor.com\\\/fr\\\/fr\\\/#\\\/schema\\\/person\\\/6a6bce8d6138eef244e06188c5bc8108\"},\"headline\":\"[JOURNEE D\u2019INTEGRATION]\",\"datePublished\":\"2026-04-03T09:13:32+00:00\",\"dateModified\":\"2026-04-03T10:20:13+00:00\",\"mainEntityOfPage\":{\"@id\":\"https:\\\/\\\/www.belfor.com\\\/fr\\\/fr\\\/resources\\\/journee-dintegration\\\/\"},\"wordCount\":103,\"image\":{\"@id\":\"https:\\\/\\\/www.belfor.com\\\/fr\\\/fr\\\/resources\\\/journee-dintegration\\\/#primaryimage\"},\"thumbnailUrl\":\"https:\\\/\\\/www.belfor.com\\\/fr\\\/wp-content\\\/uploads\\\/sites\\\/6\\\/2026\\\/04\\\/1772024829649.jpg\",\"articleSection\":[\"Actualit\u00e9s\"],\"inLanguage\":\"fr-FR\"},{\"@type\":\"WebPage\",\"@id\":\"https:\\\/\\\/www.belfor.com\\\/fr\\\/fr\\\/resources\\\/journee-dintegration\\\/\",\"url\":\"https:\\\/\\\/www.belfor.com\\\/fr\\\/fr\\\/resources\\\/journee-dintegration\\\/\",\"name\":\"[JOURNEE D\u2019INTEGRATION] - BELFOR France\",\"isPartOf\":{\"@id\":\"https:\\\/\\\/www.belfor.com\\\/fr\\\/fr\\\/#website\"},\"primaryImageOfPage\":{\"@id\":\"https:\\\/\\\/www.belfor.com\\\/fr\\\/fr\\\/resources\\\/journee-dintegration\\\/#primaryimage\"},\"image\":{\"@id\":\"https:\\\/\\\/www.belfor.com\\\/fr\\\/fr\\\/resources\\\/journee-dintegration\\\/#primaryimage\"},\"thumbnailUrl\":\"https:\\\/\\\/www.belfor.com\\\/fr\\\/wp-content\\\/uploads\\\/sites\\\/6\\\/2026\\\/04\\\/1772024829649.jpg\",\"datePublished\":\"2026-04-03T09:13:32+00:00\",\"dateModified\":\"2026-04-03T10:20:13+00:00\",\"author\":{\"@id\":\"https:\\\/\\\/www.belfor.com\\\/fr\\\/fr\\\/#\\\/schema\\\/person\\\/6a6bce8d6138eef244e06188c5bc8108\"},\"breadcrumb\":{\"@id\":\"https:\\\/\\\/www.belfor.com\\\/fr\\\/fr\\\/resources\\\/journee-dintegration\\\/#breadcrumb\"},\"inLanguage\":\"fr-FR\",\"potentialAction\":[{\"@type\":\"ReadAction\",\"target\":[\"https:\\\/\\\/www.belfor.com\\\/fr\\\/fr\\\/resources\\\/journee-dintegration\\\/\"]}]},{\"@type\":\"ImageObject\",\"inLanguage\":\"fr-FR\",\"@id\":\"https:\\\/\\\/www.belfor.com\\\/fr\\\/fr\\\/resources\\\/journee-dintegration\\\/#primaryimage\",\"url\":\"https:\\\/\\\/www.belfor.com\\\/fr\\\/wp-content\\\/uploads\\\/sites\\\/6\\\/2026\\\/04\\\/1772024829649.jpg\",\"contentUrl\":\"https:\\\/\\\/www.belfor.com\\\/fr\\\/wp-content\\\/uploads\\\/sites\\\/6\\\/2026\\\/04\\\/1772024829649.jpg\",\"width\":800,\"height\":800,\"caption\":\"Compilation d'\u00e9v\u00e9nements avec les nouveaux coll\u00e8gues\"},{\"@type\":\"BreadcrumbList\",\"@id\":\"https:\\\/\\\/www.belfor.com\\\/fr\\\/fr\\\/resources\\\/journee-dintegration\\\/#breadcrumb\",\"itemListElement\":[{\"@type\":\"ListItem\",\"position\":1,\"name\":\"Home\",\"item\":\"https:\\\/\\\/www.belfor.com\\\/fr\\\/fr\\\/\"},{\"@type\":\"ListItem\",\"position\":2,\"name\":\"[JOURNEE D\u2019INTEGRATION]\"}]},{\"@type\":\"WebSite\",\"@id\":\"https:\\\/\\\/www.belfor.com\\\/fr\\\/fr\\\/#website\",\"url\":\"https:\\\/\\\/www.belfor.com\\\/fr\\\/fr\\\/\",\"name\":\"BELFOR France\",\"description\":\"\",\"potentialAction\":[{\"@type\":\"SearchAction\",\"target\":{\"@type\":\"EntryPoint\",\"urlTemplate\":\"https:\\\/\\\/www.belfor.com\\\/fr\\\/fr\\\/?s={search_term_string}\"},\"query-input\":{\"@type\":\"PropertyValueSpecification\",\"valueRequired\":true,\"valueName\":\"search_term_string\"}}],\"inLanguage\":\"fr-FR\"},{\"@type\":\"Person\",\"@id\":\"https:\\\/\\\/www.belfor.com\\\/fr\\\/fr\\\/#\\\/schema\\\/person\\\/6a6bce8d6138eef244e06188c5bc8108\",\"name\":\"anais\",\"image\":{\"@type\":\"ImageObject\",\"inLanguage\":\"fr-FR\",\"@id\":\"https:\\\/\\\/secure.gravatar.com\\\/avatar\\\/ab46f30d89b10685d2553ab740e1578b9c255f1a514ff5a883bfa469df5b0a3e?s=96&d=mm&r=g\",\"url\":\"https:\\\/\\\/secure.gravatar.com\\\/avatar\\\/ab46f30d89b10685d2553ab740e1578b9c255f1a514ff5a883bfa469df5b0a3e?s=96&d=mm&r=g\",\"contentUrl\":\"https:\\\/\\\/secure.gravatar.com\\\/avatar\\\/ab46f30d89b10685d2553ab740e1578b9c255f1a514ff5a883bfa469df5b0a3e?s=96&d=mm&r=g\",\"caption\":\"anais\"},\"url\":\"https:\\\/\\\/www.belfor.com\\\/fr\\\/fr\\\/resources\\\/author\\\/anais\\\/\"}]}<\/script>\n<!-- \/ Yoast SEO plugin. -->","yoast_head_json":{"title":"[JOURNEE D\u2019INTEGRATION] - BELFOR France","robots":{"index":"index","follow":"follow","max-snippet":"max-snippet:-1","max-image-preview":"max-image-preview:large","max-video-preview":"max-video-preview:-1"},"canonical":"https:\/\/www.belfor.com\/fr\/fr\/resources\/journee-dintegration\/","og_locale":"fr_FR","og_type":"article","og_title":"[JOURNEE D\u2019INTEGRATION] - BELFOR France","og_description":"\ud83c\udf89Nos journ\u00e9es d\u2019int\u00e9gration reprennent pour 2026 avec une premi\u00e8re session r\u00e9ussie ! Les nouvelles recrues de BELFOR sont venues pour un d\u00eener et une journ\u00e9e au si\u00e8ge afin de :\ud83d\udd18 Comprendre au mieux notre m\u00e9tier et les services associ\u00e9s \ud83d\udd18 Faire des ateliers d\u00e9couvertes qui retracent nos services et donc apprendre les techniques associ\u00e9es \ud83d\udd18Voir...","og_url":"https:\/\/www.belfor.com\/fr\/fr\/resources\/journee-dintegration\/","og_site_name":"BELFOR France","article_published_time":"2026-04-03T09:13:32+00:00","article_modified_time":"2026-04-03T10:20:13+00:00","og_image":[{"width":800,"height":800,"url":"https:\/\/www.belfor.com\/fr\/wp-content\/uploads\/sites\/6\/2026\/04\/1772024829649.jpg","type":"image\/jpeg"}],"author":"anais","twitter_card":"summary_large_image","twitter_misc":{"Written by":"anais","Est. reading time":"1 minute"},"schema":{"@context":"https:\/\/schema.org","@graph":[{"@type":"Article","@id":"https:\/\/www.belfor.com\/fr\/fr\/resources\/journee-dintegration\/#article","isPartOf":{"@id":"https:\/\/www.belfor.com\/fr\/fr\/resources\/journee-dintegration\/"},"author":{"name":"anais","@id":"https:\/\/www.belfor.com\/fr\/fr\/#\/schema\/person\/6a6bce8d6138eef244e06188c5bc8108"},"headline":"[JOURNEE D\u2019INTEGRATION]","datePublished":"2026-04-03T09:13:32+00:00","dateModified":"2026-04-03T10:20:13+00:00","mainEntityOfPage":{"@id":"https:\/\/www.belfor.com\/fr\/fr\/resources\/journee-dintegration\/"},"wordCount":103,"image":{"@id":"https:\/\/www.belfor.com\/fr\/fr\/resources\/journee-dintegration\/#primaryimage"},"thumbnailUrl":"https:\/\/www.belfor.com\/fr\/wp-content\/uploads\/sites\/6\/2026\/04\/1772024829649.jpg","articleSection":["Actualit\u00e9s"],"inLanguage":"fr-FR"},{"@type":"WebPage","@id":"https:\/\/www.belfor.com\/fr\/fr\/resources\/journee-dintegration\/","url":"https:\/\/www.belfor.com\/fr\/fr\/resources\/journee-dintegration\/","name":"[JOURNEE D\u2019INTEGRATION] - BELFOR France","isPartOf":{"@id":"https:\/\/www.belfor.com\/fr\/fr\/#website"},"primaryImageOfPage":{"@id":"https:\/\/www.belfor.com\/fr\/fr\/resources\/journee-dintegration\/#primaryimage"},"image":{"@id":"https:\/\/www.belfor.com\/fr\/fr\/resources\/journee-dintegration\/#primaryimage"},"thumbnailUrl":"https:\/\/www.belfor.com\/fr\/wp-content\/uploads\/sites\/6\/2026\/04\/1772024829649.jpg","datePublished":"2026-04-03T09:13:32+00:00","dateModified":"2026-04-03T10:20:13+00:00","author":{"@id":"https:\/\/www.belfor.com\/fr\/fr\/#\/schema\/person\/6a6bce8d6138eef244e06188c5bc8108"},"breadcrumb":{"@id":"https:\/\/www.belfor.com\/fr\/fr\/resources\/journee-dintegration\/#breadcrumb"},"inLanguage":"fr-FR","potentialAction":[{"@type":"ReadAction","target":["https:\/\/www.belfor.com\/fr\/fr\/resources\/journee-dintegration\/"]}]},{"@type":"ImageObject","inLanguage":"fr-FR","@id":"https:\/\/www.belfor.com\/fr\/fr\/resources\/journee-dintegration\/#primaryimage","url":"https:\/\/www.belfor.com\/fr\/wp-content\/uploads\/sites\/6\/2026\/04\/1772024829649.jpg","contentUrl":"https:\/\/www.belfor.com\/fr\/wp-content\/uploads\/sites\/6\/2026\/04\/1772024829649.jpg","width":800,"height":800,"caption":"Compilation d'\u00e9v\u00e9nements avec les nouveaux coll\u00e8gues"},{"@type":"BreadcrumbList","@id":"https:\/\/www.belfor.com\/fr\/fr\/resources\/journee-dintegration\/#breadcrumb","itemListElement":[{"@type":"ListItem","position":1,"name":"Home","item":"https:\/\/www.belfor.com\/fr\/fr\/"},{"@type":"ListItem","position":2,"name":"[JOURNEE D\u2019INTEGRATION]"}]},{"@type":"WebSite","@id":"https:\/\/www.belfor.com\/fr\/fr\/#website","url":"https:\/\/www.belfor.com\/fr\/fr\/","name":"BELFOR France","description":"","potentialAction":[{"@type":"SearchAction","target":{"@type":"EntryPoint","urlTemplate":"https:\/\/www.belfor.com\/fr\/fr\/?s={search_term_string}"},"query-input":{"@type":"PropertyValueSpecification","valueRequired":true,"valueName":"search_term_string"}}],"inLanguage":"fr-FR"},{"@type":"Person","@id":"https:\/\/www.belfor.com\/fr\/fr\/#\/schema\/person\/6a6bce8d6138eef244e06188c5bc8108","name":"anais","image":{"@type":"ImageObject","inLanguage":"fr-FR","@id":"https:\/\/secure.gravatar.com\/avatar\/ab46f30d89b10685d2553ab740e1578b9c255f1a514ff5a883bfa469df5b0a3e?s=96&d=mm&r=g","url":"https:\/\/secure.gravatar.com\/avatar\/ab46f30d89b10685d2553ab740e1578b9c255f1a514ff5a883bfa469df5b0a3e?s=96&d=mm&r=g","contentUrl":"https:\/\/secure.gravatar.com\/avatar\/ab46f30d89b10685d2553ab740e1578b9c255f1a514ff5a883bfa469df5b0a3e?s=96&d=mm&r=g","caption":"anais"},"url":"https:\/\/www.belfor.com\/fr\/fr\/resources\/author\/anais\/"}]}},"_links":{"self":[{"href":"https:\/\/www.belfor.com\/fr\/fr\/wp-json\/wp\/v2\/posts\/1298","targetHints":{"allow":["GET"]}}],"collection":[{"href":"https:\/\/www.belfor.com\/fr\/fr\/wp-json\/wp\/v2\/posts"}],"about":[{"href":"https:\/\/www.belfor.com\/fr\/fr\/wp-json\/wp\/v2\/types\/post"}],"author":[{"embeddable":true,"href":"https:\/\/www.belfor.com\/fr\/fr\/wp-json\/wp\/v2\/users\/38"}],"replies":[{"embeddable":true,"href":"https:\/\/www.belfor.com\/fr\/fr\/wp-json\/wp\/v2\/comments?post=1298"}],"version-history":[{"count":2,"href":"https:\/\/www.belfor.com\/fr\/fr\/wp-json\/wp\/v2\/posts\/1298\/revisions"}],"predecessor-version":[{"id":1302,"href":"https:\/\/www.belfor.com\/fr\/fr\/wp-json\/wp\/v2\/posts\/1298\/revisions\/1302"}],"wp:featuredmedia":[{"embeddable":true,"href":"https:\/\/www.belfor.com\/fr\/fr\/wp-json\/wp\/v2\/media\/1301"}],"wp:attachment":[{"href":"https:\/\/www.belfor.com\/fr\/fr\/wp-json\/wp\/v2\/media?parent=1298"}],"wp:term":[{"taxonomy":"category","embeddable":true,"href":"https:\/\/www.belfor.com\/fr\/fr\/wp-json\/wp\/v2\/categories?post=1298"},{"taxonomy":"post_tag","embeddable":true,"href":"https:\/\/www.belfor.com\/fr\/fr\/wp-json\/wp\/v2\/tags?post=1298"}],"curies":[{"name":"wp","href":"https:\/\/api.w.org\/{rel}","templated":true}]}}