{"id":2545,"date":"2024-08-20T15:43:04","date_gmt":"2024-08-20T13:43:04","guid":{"rendered":"https:\/\/www.belfor.com\/ch\/?p=2545"},"modified":"2025-09-09T10:13:40","modified_gmt":"2025-09-09T08:13:40","slug":"evolution-au-sein-de-la-direction-belfor-suisse-sa","status":"publish","type":"post","link":"https:\/\/www.belfor.com\/ch\/fr\/resources\/evolution-au-sein-de-la-direction-belfor-suisse-sa\/","title":{"rendered":"Evolution au sein de la direction BELFOR (Suisse) SA"},"content":{"rendered":"\n<figure class=\"wp-block-image size-large\"><img loading=\"lazy\" decoding=\"async\" width=\"1024\" height=\"341\" src=\"https:\/\/www.belfor.com\/ch\/wp-content\/uploads\/sites\/14\/2024\/06\/I-054-Belfor_Keyvisual_Industrie_NEU_ohne-1024x341.jpg\" alt=\"\" class=\"wp-image-812\" srcset=\"https:\/\/www.belfor.com\/ch\/wp-content\/uploads\/sites\/14\/2024\/06\/I-054-Belfor_Keyvisual_Industrie_NEU_ohne-1024x341.jpg 1024w, https:\/\/www.belfor.com\/ch\/wp-content\/uploads\/sites\/14\/2024\/06\/I-054-Belfor_Keyvisual_Industrie_NEU_ohne-300x100.jpg 300w, https:\/\/www.belfor.com\/ch\/wp-content\/uploads\/sites\/14\/2024\/06\/I-054-Belfor_Keyvisual_Industrie_NEU_ohne-768x256.jpg 768w, https:\/\/www.belfor.com\/ch\/wp-content\/uploads\/sites\/14\/2024\/06\/I-054-Belfor_Keyvisual_Industrie_NEU_ohne-500x167.jpg 500w, https:\/\/www.belfor.com\/ch\/wp-content\/uploads\/sites\/14\/2024\/06\/I-054-Belfor_Keyvisual_Industrie_NEU_ohne-200x67.jpg 200w, https:\/\/www.belfor.com\/ch\/wp-content\/uploads\/sites\/14\/2024\/06\/I-054-Belfor_Keyvisual_Industrie_NEU_ohne.jpg 1920w\" sizes=\"auto, (max-width: 1024px) 100vw, 1024px\" \/><\/figure>\n\n\n\n<p><strong>Ch\u00e8res et chers partenaires&nbsp;<\/strong><br>C&#8217;est avec plaisir que nous vous informons aujourd&#8217;hui de l&#8217;\u00e9volution de notre direction et de la poursuite du renforcement de notre organisation interne en mati\u00e8re de compliance.&nbsp;<\/p>\n\n\n\n<p><\/p>\n\n\n\n<p><strong>Giovanni Barbarani&nbsp;&nbsp;<\/strong><br>prend&nbsp;<strong>en charge la direction op\u00e9rationnelle de toute la Suisse allemande et du Tessin<\/strong>&nbsp;en tant que membre de la direction \u00e0 partir du 1er ao\u00fbt 2023. Ing\u00e9nieur civil de m\u00e9tier avec une formation en gestion d\u2019entreprise, Giovanni Barbarani se concentrera sur les besoins des clients ainsi que sur le d\u00e9veloppement continu de notre offre de services.&nbsp;<\/p>\n\n\n\n<p><br><strong>Andrea Volume&nbsp;<\/strong><br>rejoint&nbsp;<strong>l\u2019organisation \u00e0 partir du 25 juillet 2023 en tant que \u00ab\u202fHead Business Excellence &amp; Compliance\u202f\u00bb<\/strong>. Ing\u00e9nieur en \u00e9lectronique avec une longue exp\u00e9rience dans le management op\u00e9rationnel, il permettra \u00e0 notre entreprise de se d\u00e9velopper durablement dans les domaines de l\u2019excellence op\u00e9rationnelle, des achats et de la compliance. Andrea Volume est \u00e9galement membre de la direction.&nbsp;<br>&nbsp;<\/p>\n\n\n\n<p>Nous vous remercions de votre fid\u00e9lit\u00e9 et nous r\u00e9jouissons de poursuivre notre collaboration.&nbsp;<\/p>\n\n\n\n<p><strong>BELFOR \u2013<\/strong>&nbsp;Le partenaire leader pour la pr\u00e9vention et la remise en \u00e9tat durable des dommages li\u00e9s aux b\u00e2timents et \u00e0 leur infrastructure.<br><strong>\u00c0 TOUT INSTANT. PARTOUT EN SUISSE ET AU MONDE.&nbsp;<\/strong><\/p>\n\n\n\n<p><\/p>\n\n\n\n<p>Meilleures salutations.&nbsp;&nbsp;<\/p>\n\n\n\n<p>Nicola R\u00fcegg&nbsp;<br>CEO&nbsp;<\/p>\n","protected":false},"excerpt":{"rendered":"<p>Ch\u00e8res et chers partenaires&nbsp;C&#8217;est avec plaisir que nous vous informons aujourd&#8217;hui de l&#8217;\u00e9volution de notre direction et de la poursuite du renforcement de notre organisation interne en mati\u00e8re de compliance.&nbsp; Giovanni Barbarani&nbsp;&nbsp;prend&nbsp;en charge la direction op\u00e9rationnelle de toute la Suisse allemande et du Tessin&nbsp;en tant que membre de la direction \u00e0 partir du 1er ao\u00fbt&#8230;<\/p>\n","protected":false},"author":7,"featured_media":1209,"comment_status":"closed","ping_status":"closed","sticky":false,"template":"","format":"standard","meta":{"_acf_changed":false,"inline_featured_image":false,"footnotes":""},"categories":[2],"tags":[],"class_list":["post-2545","post","type-post","status-publish","format-standard","has-post-thumbnail","hentry","category-news"],"acf":[],"yoast_head":"<!-- This site is optimized with the Yoast SEO plugin v27.4 - https:\/\/yoast.com\/product\/yoast-seo-wordpress\/ -->\n<title>Evolution au sein de la direction BELFOR (Suisse) SA - BELFOR Switzerland<\/title>\n<meta name=\"robots\" content=\"index, follow, max-snippet:-1, max-image-preview:large, max-video-preview:-1\" \/>\n<link rel=\"canonical\" href=\"https:\/\/www.belfor.com\/ch\/fr\/resources\/evolution-au-sein-de-la-direction-belfor-suisse-sa\/\" \/>\n<meta property=\"og:locale\" content=\"fr_FR\" \/>\n<meta property=\"og:type\" content=\"article\" \/>\n<meta property=\"og:title\" content=\"Evolution au sein de la direction BELFOR (Suisse) SA - BELFOR Switzerland\" \/>\n<meta property=\"og:description\" content=\"Ch\u00e8res et chers partenaires&nbsp;C&#8217;est avec plaisir que nous vous informons aujourd&#8217;hui de l&#8217;\u00e9volution de notre direction et de la poursuite du renforcement de notre organisation interne en mati\u00e8re de compliance.&nbsp; Giovanni Barbarani&nbsp;&nbsp;prend&nbsp;en charge la direction op\u00e9rationnelle de toute la Suisse allemande et du Tessin&nbsp;en tant que membre de la direction \u00e0 partir du 1er ao\u00fbt...\" \/>\n<meta property=\"og:url\" content=\"https:\/\/www.belfor.com\/ch\/fr\/resources\/evolution-au-sein-de-la-direction-belfor-suisse-sa\/\" \/>\n<meta property=\"og:site_name\" content=\"BELFOR Switzerland\" \/>\n<meta property=\"article:published_time\" content=\"2024-08-20T13:43:04+00:00\" \/>\n<meta property=\"article:modified_time\" content=\"2025-09-09T08:13:40+00:00\" \/>\n<meta property=\"og:image\" content=\"https:\/\/www.belfor.com\/ch\/wp-content\/uploads\/sites\/14\/2024\/06\/I-054-Belfor_Keyvisual_Industrie_NEU_ohne-1.jpg\" \/>\n\t<meta property=\"og:image:width\" content=\"1920\" \/>\n\t<meta property=\"og:image:height\" content=\"640\" \/>\n\t<meta property=\"og:image:type\" content=\"image\/jpeg\" \/>\n<meta name=\"author\" content=\"janstruttmann\" \/>\n<meta name=\"twitter:card\" content=\"summary_large_image\" \/>\n<meta name=\"twitter:label1\" content=\"Written by\" \/>\n\t<meta name=\"twitter:data1\" content=\"janstruttmann\" \/>\n\t<meta name=\"twitter:label2\" content=\"Est. reading time\" \/>\n\t<meta name=\"twitter:data2\" content=\"2 minutes\" \/>\n<script type=\"application\/ld+json\" class=\"yoast-schema-graph\">{\"@context\":\"https:\\\/\\\/schema.org\",\"@graph\":[{\"@type\":\"Article\",\"@id\":\"https:\\\/\\\/www.belfor.com\\\/ch\\\/fr\\\/resources\\\/evolution-au-sein-de-la-direction-belfor-suisse-sa\\\/#article\",\"isPartOf\":{\"@id\":\"https:\\\/\\\/www.belfor.com\\\/ch\\\/fr\\\/resources\\\/evolution-au-sein-de-la-direction-belfor-suisse-sa\\\/\"},\"author\":{\"name\":\"janstruttmann\",\"@id\":\"https:\\\/\\\/www.belfor.com\\\/ch\\\/fr\\\/#\\\/schema\\\/person\\\/53356420af8a49df206f0987181714fd\"},\"headline\":\"Evolution au sein de la direction BELFOR (Suisse) SA\",\"datePublished\":\"2024-08-20T13:43:04+00:00\",\"dateModified\":\"2025-09-09T08:13:40+00:00\",\"mainEntityOfPage\":{\"@id\":\"https:\\\/\\\/www.belfor.com\\\/ch\\\/fr\\\/resources\\\/evolution-au-sein-de-la-direction-belfor-suisse-sa\\\/\"},\"wordCount\":238,\"image\":{\"@id\":\"https:\\\/\\\/www.belfor.com\\\/ch\\\/fr\\\/resources\\\/evolution-au-sein-de-la-direction-belfor-suisse-sa\\\/#primaryimage\"},\"thumbnailUrl\":\"https:\\\/\\\/www.belfor.com\\\/ch\\\/wp-content\\\/uploads\\\/sites\\\/14\\\/2024\\\/06\\\/I-054-Belfor_Keyvisual_Industrie_NEU_ohne-1.jpg\",\"articleSection\":[\"News\"],\"inLanguage\":\"fr-FR\"},{\"@type\":\"WebPage\",\"@id\":\"https:\\\/\\\/www.belfor.com\\\/ch\\\/fr\\\/resources\\\/evolution-au-sein-de-la-direction-belfor-suisse-sa\\\/\",\"url\":\"https:\\\/\\\/www.belfor.com\\\/ch\\\/fr\\\/resources\\\/evolution-au-sein-de-la-direction-belfor-suisse-sa\\\/\",\"name\":\"Evolution au sein de la direction BELFOR (Suisse) SA - BELFOR Switzerland\",\"isPartOf\":{\"@id\":\"https:\\\/\\\/www.belfor.com\\\/ch\\\/fr\\\/#website\"},\"primaryImageOfPage\":{\"@id\":\"https:\\\/\\\/www.belfor.com\\\/ch\\\/fr\\\/resources\\\/evolution-au-sein-de-la-direction-belfor-suisse-sa\\\/#primaryimage\"},\"image\":{\"@id\":\"https:\\\/\\\/www.belfor.com\\\/ch\\\/fr\\\/resources\\\/evolution-au-sein-de-la-direction-belfor-suisse-sa\\\/#primaryimage\"},\"thumbnailUrl\":\"https:\\\/\\\/www.belfor.com\\\/ch\\\/wp-content\\\/uploads\\\/sites\\\/14\\\/2024\\\/06\\\/I-054-Belfor_Keyvisual_Industrie_NEU_ohne-1.jpg\",\"datePublished\":\"2024-08-20T13:43:04+00:00\",\"dateModified\":\"2025-09-09T08:13:40+00:00\",\"author\":{\"@id\":\"https:\\\/\\\/www.belfor.com\\\/ch\\\/fr\\\/#\\\/schema\\\/person\\\/53356420af8a49df206f0987181714fd\"},\"breadcrumb\":{\"@id\":\"https:\\\/\\\/www.belfor.com\\\/ch\\\/fr\\\/resources\\\/evolution-au-sein-de-la-direction-belfor-suisse-sa\\\/#breadcrumb\"},\"inLanguage\":\"fr-FR\",\"potentialAction\":[{\"@type\":\"ReadAction\",\"target\":[\"https:\\\/\\\/www.belfor.com\\\/ch\\\/fr\\\/resources\\\/evolution-au-sein-de-la-direction-belfor-suisse-sa\\\/\"]}]},{\"@type\":\"ImageObject\",\"inLanguage\":\"fr-FR\",\"@id\":\"https:\\\/\\\/www.belfor.com\\\/ch\\\/fr\\\/resources\\\/evolution-au-sein-de-la-direction-belfor-suisse-sa\\\/#primaryimage\",\"url\":\"https:\\\/\\\/www.belfor.com\\\/ch\\\/wp-content\\\/uploads\\\/sites\\\/14\\\/2024\\\/06\\\/I-054-Belfor_Keyvisual_Industrie_NEU_ohne-1.jpg\",\"contentUrl\":\"https:\\\/\\\/www.belfor.com\\\/ch\\\/wp-content\\\/uploads\\\/sites\\\/14\\\/2024\\\/06\\\/I-054-Belfor_Keyvisual_Industrie_NEU_ohne-1.jpg\",\"width\":1920,\"height\":640,\"caption\":\"Un collaboratore BELFOR ispeziona i danni in un cantiere\"},{\"@type\":\"BreadcrumbList\",\"@id\":\"https:\\\/\\\/www.belfor.com\\\/ch\\\/fr\\\/resources\\\/evolution-au-sein-de-la-direction-belfor-suisse-sa\\\/#breadcrumb\",\"itemListElement\":[{\"@type\":\"ListItem\",\"position\":1,\"name\":\"Home\",\"item\":\"https:\\\/\\\/www.belfor.com\\\/ch\\\/fr\\\/\"},{\"@type\":\"ListItem\",\"position\":2,\"name\":\"Evolution au sein de la direction BELFOR (Suisse) SA\"}]},{\"@type\":\"WebSite\",\"@id\":\"https:\\\/\\\/www.belfor.com\\\/ch\\\/fr\\\/#website\",\"url\":\"https:\\\/\\\/www.belfor.com\\\/ch\\\/fr\\\/\",\"name\":\"BELFOR Switzerland\",\"description\":\"\",\"potentialAction\":[{\"@type\":\"SearchAction\",\"target\":{\"@type\":\"EntryPoint\",\"urlTemplate\":\"https:\\\/\\\/www.belfor.com\\\/ch\\\/fr\\\/?s={search_term_string}\"},\"query-input\":{\"@type\":\"PropertyValueSpecification\",\"valueRequired\":true,\"valueName\":\"search_term_string\"}}],\"inLanguage\":\"fr-FR\"},{\"@type\":\"Person\",\"@id\":\"https:\\\/\\\/www.belfor.com\\\/ch\\\/fr\\\/#\\\/schema\\\/person\\\/53356420af8a49df206f0987181714fd\",\"name\":\"janstruttmann\",\"image\":{\"@type\":\"ImageObject\",\"inLanguage\":\"fr-FR\",\"@id\":\"https:\\\/\\\/secure.gravatar.com\\\/avatar\\\/4ae6be3a060acc9e6dd1885d02ce9c98ca97ee31f9d8f20bedfca2ef03f3d10f?s=96&d=mm&r=g\",\"url\":\"https:\\\/\\\/secure.gravatar.com\\\/avatar\\\/4ae6be3a060acc9e6dd1885d02ce9c98ca97ee31f9d8f20bedfca2ef03f3d10f?s=96&d=mm&r=g\",\"contentUrl\":\"https:\\\/\\\/secure.gravatar.com\\\/avatar\\\/4ae6be3a060acc9e6dd1885d02ce9c98ca97ee31f9d8f20bedfca2ef03f3d10f?s=96&d=mm&r=g\",\"caption\":\"janstruttmann\"},\"url\":\"https:\\\/\\\/www.belfor.com\\\/ch\\\/fr\\\/resources\\\/author\\\/janstruttmann\\\/\"}]}<\/script>\n<!-- \/ Yoast SEO plugin. -->","yoast_head_json":{"title":"Evolution au sein de la direction BELFOR (Suisse) SA - BELFOR Switzerland","robots":{"index":"index","follow":"follow","max-snippet":"max-snippet:-1","max-image-preview":"max-image-preview:large","max-video-preview":"max-video-preview:-1"},"canonical":"https:\/\/www.belfor.com\/ch\/fr\/resources\/evolution-au-sein-de-la-direction-belfor-suisse-sa\/","og_locale":"fr_FR","og_type":"article","og_title":"Evolution au sein de la direction BELFOR (Suisse) SA - BELFOR Switzerland","og_description":"Ch\u00e8res et chers partenaires&nbsp;C&#8217;est avec plaisir que nous vous informons aujourd&#8217;hui de l&#8217;\u00e9volution de notre direction et de la poursuite du renforcement de notre organisation interne en mati\u00e8re de compliance.&nbsp; Giovanni Barbarani&nbsp;&nbsp;prend&nbsp;en charge la direction op\u00e9rationnelle de toute la Suisse allemande et du Tessin&nbsp;en tant que membre de la direction \u00e0 partir du 1er ao\u00fbt...","og_url":"https:\/\/www.belfor.com\/ch\/fr\/resources\/evolution-au-sein-de-la-direction-belfor-suisse-sa\/","og_site_name":"BELFOR Switzerland","article_published_time":"2024-08-20T13:43:04+00:00","article_modified_time":"2025-09-09T08:13:40+00:00","og_image":[{"width":1920,"height":640,"url":"https:\/\/www.belfor.com\/ch\/wp-content\/uploads\/sites\/14\/2024\/06\/I-054-Belfor_Keyvisual_Industrie_NEU_ohne-1.jpg","type":"image\/jpeg"}],"author":"janstruttmann","twitter_card":"summary_large_image","twitter_misc":{"Written by":"janstruttmann","Est. reading time":"2 minutes"},"schema":{"@context":"https:\/\/schema.org","@graph":[{"@type":"Article","@id":"https:\/\/www.belfor.com\/ch\/fr\/resources\/evolution-au-sein-de-la-direction-belfor-suisse-sa\/#article","isPartOf":{"@id":"https:\/\/www.belfor.com\/ch\/fr\/resources\/evolution-au-sein-de-la-direction-belfor-suisse-sa\/"},"author":{"name":"janstruttmann","@id":"https:\/\/www.belfor.com\/ch\/fr\/#\/schema\/person\/53356420af8a49df206f0987181714fd"},"headline":"Evolution au sein de la direction BELFOR (Suisse) SA","datePublished":"2024-08-20T13:43:04+00:00","dateModified":"2025-09-09T08:13:40+00:00","mainEntityOfPage":{"@id":"https:\/\/www.belfor.com\/ch\/fr\/resources\/evolution-au-sein-de-la-direction-belfor-suisse-sa\/"},"wordCount":238,"image":{"@id":"https:\/\/www.belfor.com\/ch\/fr\/resources\/evolution-au-sein-de-la-direction-belfor-suisse-sa\/#primaryimage"},"thumbnailUrl":"https:\/\/www.belfor.com\/ch\/wp-content\/uploads\/sites\/14\/2024\/06\/I-054-Belfor_Keyvisual_Industrie_NEU_ohne-1.jpg","articleSection":["News"],"inLanguage":"fr-FR"},{"@type":"WebPage","@id":"https:\/\/www.belfor.com\/ch\/fr\/resources\/evolution-au-sein-de-la-direction-belfor-suisse-sa\/","url":"https:\/\/www.belfor.com\/ch\/fr\/resources\/evolution-au-sein-de-la-direction-belfor-suisse-sa\/","name":"Evolution au sein de la direction BELFOR (Suisse) SA - BELFOR Switzerland","isPartOf":{"@id":"https:\/\/www.belfor.com\/ch\/fr\/#website"},"primaryImageOfPage":{"@id":"https:\/\/www.belfor.com\/ch\/fr\/resources\/evolution-au-sein-de-la-direction-belfor-suisse-sa\/#primaryimage"},"image":{"@id":"https:\/\/www.belfor.com\/ch\/fr\/resources\/evolution-au-sein-de-la-direction-belfor-suisse-sa\/#primaryimage"},"thumbnailUrl":"https:\/\/www.belfor.com\/ch\/wp-content\/uploads\/sites\/14\/2024\/06\/I-054-Belfor_Keyvisual_Industrie_NEU_ohne-1.jpg","datePublished":"2024-08-20T13:43:04+00:00","dateModified":"2025-09-09T08:13:40+00:00","author":{"@id":"https:\/\/www.belfor.com\/ch\/fr\/#\/schema\/person\/53356420af8a49df206f0987181714fd"},"breadcrumb":{"@id":"https:\/\/www.belfor.com\/ch\/fr\/resources\/evolution-au-sein-de-la-direction-belfor-suisse-sa\/#breadcrumb"},"inLanguage":"fr-FR","potentialAction":[{"@type":"ReadAction","target":["https:\/\/www.belfor.com\/ch\/fr\/resources\/evolution-au-sein-de-la-direction-belfor-suisse-sa\/"]}]},{"@type":"ImageObject","inLanguage":"fr-FR","@id":"https:\/\/www.belfor.com\/ch\/fr\/resources\/evolution-au-sein-de-la-direction-belfor-suisse-sa\/#primaryimage","url":"https:\/\/www.belfor.com\/ch\/wp-content\/uploads\/sites\/14\/2024\/06\/I-054-Belfor_Keyvisual_Industrie_NEU_ohne-1.jpg","contentUrl":"https:\/\/www.belfor.com\/ch\/wp-content\/uploads\/sites\/14\/2024\/06\/I-054-Belfor_Keyvisual_Industrie_NEU_ohne-1.jpg","width":1920,"height":640,"caption":"Un collaboratore BELFOR ispeziona i danni in un cantiere"},{"@type":"BreadcrumbList","@id":"https:\/\/www.belfor.com\/ch\/fr\/resources\/evolution-au-sein-de-la-direction-belfor-suisse-sa\/#breadcrumb","itemListElement":[{"@type":"ListItem","position":1,"name":"Home","item":"https:\/\/www.belfor.com\/ch\/fr\/"},{"@type":"ListItem","position":2,"name":"Evolution au sein de la direction BELFOR (Suisse) SA"}]},{"@type":"WebSite","@id":"https:\/\/www.belfor.com\/ch\/fr\/#website","url":"https:\/\/www.belfor.com\/ch\/fr\/","name":"BELFOR Switzerland","description":"","potentialAction":[{"@type":"SearchAction","target":{"@type":"EntryPoint","urlTemplate":"https:\/\/www.belfor.com\/ch\/fr\/?s={search_term_string}"},"query-input":{"@type":"PropertyValueSpecification","valueRequired":true,"valueName":"search_term_string"}}],"inLanguage":"fr-FR"},{"@type":"Person","@id":"https:\/\/www.belfor.com\/ch\/fr\/#\/schema\/person\/53356420af8a49df206f0987181714fd","name":"janstruttmann","image":{"@type":"ImageObject","inLanguage":"fr-FR","@id":"https:\/\/secure.gravatar.com\/avatar\/4ae6be3a060acc9e6dd1885d02ce9c98ca97ee31f9d8f20bedfca2ef03f3d10f?s=96&d=mm&r=g","url":"https:\/\/secure.gravatar.com\/avatar\/4ae6be3a060acc9e6dd1885d02ce9c98ca97ee31f9d8f20bedfca2ef03f3d10f?s=96&d=mm&r=g","contentUrl":"https:\/\/secure.gravatar.com\/avatar\/4ae6be3a060acc9e6dd1885d02ce9c98ca97ee31f9d8f20bedfca2ef03f3d10f?s=96&d=mm&r=g","caption":"janstruttmann"},"url":"https:\/\/www.belfor.com\/ch\/fr\/resources\/author\/janstruttmann\/"}]}},"_links":{"self":[{"href":"https:\/\/www.belfor.com\/ch\/fr\/wp-json\/wp\/v2\/posts\/2545","targetHints":{"allow":["GET"]}}],"collection":[{"href":"https:\/\/www.belfor.com\/ch\/fr\/wp-json\/wp\/v2\/posts"}],"about":[{"href":"https:\/\/www.belfor.com\/ch\/fr\/wp-json\/wp\/v2\/types\/post"}],"author":[{"embeddable":true,"href":"https:\/\/www.belfor.com\/ch\/fr\/wp-json\/wp\/v2\/users\/7"}],"replies":[{"embeddable":true,"href":"https:\/\/www.belfor.com\/ch\/fr\/wp-json\/wp\/v2\/comments?post=2545"}],"version-history":[{"count":5,"href":"https:\/\/www.belfor.com\/ch\/fr\/wp-json\/wp\/v2\/posts\/2545\/revisions"}],"predecessor-version":[{"id":4281,"href":"https:\/\/www.belfor.com\/ch\/fr\/wp-json\/wp\/v2\/posts\/2545\/revisions\/4281"}],"wp:featuredmedia":[{"embeddable":true,"href":"https:\/\/www.belfor.com\/ch\/fr\/wp-json\/wp\/v2\/media\/1209"}],"wp:attachment":[{"href":"https:\/\/www.belfor.com\/ch\/fr\/wp-json\/wp\/v2\/media?parent=2545"}],"wp:term":[{"taxonomy":"category","embeddable":true,"href":"https:\/\/www.belfor.com\/ch\/fr\/wp-json\/wp\/v2\/categories?post=2545"},{"taxonomy":"post_tag","embeddable":true,"href":"https:\/\/www.belfor.com\/ch\/fr\/wp-json\/wp\/v2\/tags?post=2545"}],"curies":[{"name":"wp","href":"https:\/\/api.w.org\/{rel}","templated":true}]}}